{"id":368,"date":"2022-01-24T11:01:31","date_gmt":"2022-01-24T10:01:31","guid":{"rendered":"http:\/\/matu.lu\/?p=368"},"modified":"2022-01-24T11:01:31","modified_gmt":"2022-01-24T10:01:31","slug":"les-filles-degalie-gerd-brantenberg","status":"publish","type":"post","link":"https:\/\/matu.lu\/index.php\/2022\/01\/24\/les-filles-degalie-gerd-brantenberg\/","title":{"rendered":"Les Filles d&rsquo;\u00c9galie \u2022 Gerd Brantenberg"},"content":{"rendered":"<p style=\"text-align: justify;\">Ce classique de la litt\u00e9rature norv\u00e9gienne, qui n\u2019avait pas encore \u00e9t\u00e9 traduit en fran\u00e7ais (comment est-ce possible?), les \u00e9ditions Zulma ont eu la clairvoyante id\u00e9e de le faire para\u00eetre en cette rentr\u00e9e d\u2019hiver, dans l\u2019excellente traduction (une v\u00e9ritable prouesse!) de Jean-Baptiste Coursaud. Et pour cause, cette lecture est plus que r\u00e9jouissante, \u00e9patante: elle est salutaire !<\/p>\n<p style=\"text-align: justify;\">\u00c9galie est une soci\u00e9t\u00e9 renvers\u00e9e, dans laquelle les hommes (les adolescents, les petits gar\u00e7ons, les b\u00e9b\u00e9s gar\u00e7ons) occupent la place et le r\u00f4le g\u00e9n\u00e9ralement attribu\u00e9s aux femmes, et les femmes (les adolescentes, les petites filles, les b\u00e9b\u00e9s filles) occupent la place et le r\u00f4le g\u00e9n\u00e9ralement allou\u00e9s aux hommes. Et ce syst\u00e8me de fonctionnement matriarcal, il est ainsi depuis des si\u00e8cles et des si\u00e8cles. Tellement ancr\u00e9 qu\u2019elles sont peu \u00e0 songer le remettre en question voire \u00e0 juste le remarquer. Tous nos codes \u2013 y compris la langue! \u2013 y sont invers\u00e9s. Le f\u00e9minin, dans tout ce qu\u2019il constitue, est la norme: tout en \u00c9galie est r\u00e9gi \u00e0 partir de la femme, de son cycle, de sa teneur, de sa nature. Toujours, le f\u00e9minin l\u2019emporte. Le sexe masculin, lui, reste tabou, cach\u00e9, d\u00e9cri\u00e9. L\u2019homme, par sa nature plut\u00f4t douce et r\u00e9serv\u00e9e, est destin\u00e9 \u00e0 rester au foyer et \u00e0 s\u2019occuper des enfants. Si d\u2019aventure il amorce une carri\u00e8re autre que dans le domaine de la pu\u00e9riculture ou du soin \u00e0 la personne par exemple, il a bien int\u00e9gr\u00e9 qu\u2019il est vain de trop l\u2019\u00e9chafauder car sa place est ailleurs. Et pour tout le monde, cela est bien normal. \u00c9galie est par ailleurs une soci\u00e9t\u00e9 moderne et florissante, au syst\u00e8me social et \u00e9conomique \u00ab\u00a0\u00e9galitaire\u00a0\u00bb et dont les citoyennes b\u00e9n\u00e9ficient d\u2019instruction et de protection. Une soci\u00e9t\u00e9 dans laquelle la question de la lutte des classes, par exemple, se pose \u00e0 certaines, mobilise m\u00eame \u2013 et ce bien avant la lutte masculiniste, mise au second plan, parfois ridiculis\u00e9e.<\/p>\n<p style=\"text-align: justify;\">Cela dit, cette lutte masculisniste va peu \u00e0 peu \u00e9clore, prendre forme, se structurer, \u00eatre conscientis\u00e9e et id\u00e9ologis\u00e9e. Petronius \u2013 un jeune homme d\u00e9termin\u00e9 qui enfant, r\u00eavait de devenir marine-p\u00eacheuse \u2013 s\u2019efforcera de l\u2019incarner et de la proclamer haut et fort, en d\u00e9pit des terribles barrages qui se dresseront sur son chemin.<\/p>\n<p style=\"text-align: justify;\">Ce roman est g\u00e9nial (je p\u00e8se mes mots). Son projet de d\u00e9tournement des genres y est men\u00e9 \u00e0 fond, jusqu\u2019au bout. Il permet d\u00e8s lors de mettre en relief une multitude d\u2019\u00e9l\u00e9ments r\u00e9gissant les rapports hommes-femmes si profond\u00e9ment int\u00e9gr\u00e9s qu\u2019on les ignorait presque mais qui pourtant, vus sous cet angle, paraissent flagrants. Et on rit!\u00a0<em>Les Filles d\u2019\u00c9galie<\/em> s\u2019\u00e9rige en v\u00e9ritable satire de notre soci\u00e9t\u00e9 patriarcale. De mani\u00e8re relev\u00e9e et intelligente, ce roman s\u2019inscrit dans une mouvance f\u00e9ministe contemporaine incontournable. \u00c0 chaque page, le lecteur est stup\u00e9fait de se rappeler que Gerd Brantenberg l\u2019a fait para\u00eetre en\u2026 1977!<\/p>\n<p>Traduit du norv\u00e9gien par Jean-Baptiste Coursaud.<\/p>\n<p><em>\u00a9 <\/em>Zulma, janvier 2022.<\/p>\n<p>Disponible chez Point Virgule \u00e0 Namur :<\/p>\n<p><a href=\"https:\/\/comptoir.librairiepointvirgule.be\/livre\/9791038700017-les-filles-d-egalie-gerd-brantenberg\/\">https:\/\/comptoir.librairiepointvirgule.be\/livre\/9791038700017-les-filles-d-egalie-gerd-brantenberg\/<\/a><\/p>\n<p>Extrait choisi:<\/p>\n<blockquote>\n<p style=\"text-align: justify;\">Ils r\u00e9fl\u00e9chirent \u00e0 leur propre impuissance et \u00e0 leur d\u00e9sespoir face au d\u00e9part d&rsquo;Emblavure. Et ils ne pouvaient s&#8217;emp\u00eacher de penser que s&rsquo;ils r\u00e9ussissaient \u00e0 se r\u00e9volter contre cet \u00e9tat de fait et \u00e0 cultiver la terre par eux-m\u00eames, bien que le terrain ne soit pas tr\u00e8s grand, pourquoi les hommes d&rsquo;autrefois n&rsquo;avaient pas fait comme eux? Pourquoi avaient-ils accepter leur condition sans rechigner?<\/p>\n<p style=\"text-align: justify;\">Car le plus myst\u00e9rieux dans cette affaire &#8211; et le plus incompr\u00e9hensible \u00e0 leurs yeux -, c&rsquo;\u00e9tait que les hommes semblaient ds\u00eatre accommod\u00e9s de leur situation. Ils avaient accept\u00e9 la position subalterne \u00e0 laquelle les femmes les avaient r\u00e9duits. Ils avaient d\u00fb croire que cela faisait partie de l&rsquo;ordre naturel de l&rsquo;organisation fumaine. Mais pourquoi y avaient-ils cru? Eux-m\u00eames n&rsquo;y croyaient pas \u00e0 toutes ces couillonnerie! D\u00e8s lors, les hommes d&rsquo;autrefois auraient tr\u00e8s bien pu d\u00e9clarer que c&rsquo;\u00e9tait aux femmes de s&rsquo;occuper des enfants et aux hommes de d\u00e9cider&#8230; Absolument rien n&rsquo;\u00e9tait tout \u00e0 fait en accord avec ce pr\u00e9tendu ordre naturel. Tout n&rsquo;\u00e9tait qu&rsquo;une invention des femmes. Une invention syst\u00e9matis\u00e9e, poursuivant un but unique: assujettir une partie des \u00eatre fumains pour que l&rsquo;autre partie de ces \u00eatres fumains puisse prendre du bon temps et vivre au crochet des autres.<\/p>\n<\/blockquote>\n","protected":false},"excerpt":{"rendered":"<p>Ce classique de la litt\u00e9rature norv\u00e9gienne, qui n\u2019avait pas encore \u00e9t\u00e9 traduit en fran\u00e7ais (comment est-ce possible?), les \u00e9ditions Zulma ont eu la clairvoyante id\u00e9e de le faire para\u00eetre en cette rentr\u00e9e d\u2019hiver, dans l\u2019excellente traduction (une v\u00e9ritable prouesse!) de Jean-Baptiste Coursaud. Et pour cause, cette lecture est plus que r\u00e9jouissante, \u00e9patante: elle est salutaire&#8230;<\/p>\n","protected":false},"author":1,"featured_media":371,"comment_status":"open","ping_status":"open","sticky":false,"template":"","format":"standard","meta":{"footnotes":""},"categories":[2,9],"tags":[79,48,80,81],"_links":{"self":[{"href":"https:\/\/matu.lu\/index.php\/wp-json\/wp\/v2\/posts\/368"}],"collection":[{"href":"https:\/\/matu.lu\/index.php\/wp-json\/wp\/v2\/posts"}],"about":[{"href":"https:\/\/matu.lu\/index.php\/wp-json\/wp\/v2\/types\/post"}],"author":[{"embeddable":true,"href":"https:\/\/matu.lu\/index.php\/wp-json\/wp\/v2\/users\/1"}],"replies":[{"embeddable":true,"href":"https:\/\/matu.lu\/index.php\/wp-json\/wp\/v2\/comments?post=368"}],"version-history":[{"count":4,"href":"https:\/\/matu.lu\/index.php\/wp-json\/wp\/v2\/posts\/368\/revisions"}],"predecessor-version":[{"id":373,"href":"https:\/\/matu.lu\/index.php\/wp-json\/wp\/v2\/posts\/368\/revisions\/373"}],"wp:featuredmedia":[{"embeddable":true,"href":"https:\/\/matu.lu\/index.php\/wp-json\/wp\/v2\/media\/371"}],"wp:attachment":[{"href":"https:\/\/matu.lu\/index.php\/wp-json\/wp\/v2\/media?parent=368"}],"wp:term":[{"taxonomy":"category","embeddable":true,"href":"https:\/\/matu.lu\/index.php\/wp-json\/wp\/v2\/categories?post=368"},{"taxonomy":"post_tag","embeddable":true,"href":"https:\/\/matu.lu\/index.php\/wp-json\/wp\/v2\/tags?post=368"}],"curies":[{"name":"wp","href":"https:\/\/api.w.org\/{rel}","templated":true}]}}